{"id":3065,"date":"2023-01-11T13:08:46","date_gmt":"2023-01-11T12:08:46","guid":{"rendered":"https:\/\/timpanu.fr\/?p=3065"},"modified":"2023-01-11T13:08:46","modified_gmt":"2023-01-11T12:08:46","slug":"galette-des-rois-a-lecole-de-musique","status":"publish","type":"post","link":"https:\/\/timpanu.fr\/?p=3065","title":{"rendered":"Galette des rois \u00e0 l&rsquo;\u00e9cole de musique"},"content":{"rendered":"<p>[et_pb_section fb_built=\u00a0\u00bb1&Prime; theme_builder_area=\u00a0\u00bbpost_content\u00a0\u00bb _builder_version=\u00a0\u00bb4.19.4&Prime; _module_preset=\u00a0\u00bbdefault\u00a0\u00bb da_is_popup=\u00a0\u00bboff\u00a0\u00bb da_exit_intent=\u00a0\u00bboff\u00a0\u00bb da_has_close=\u00a0\u00bbon\u00a0\u00bb da_alt_close=\u00a0\u00bboff\u00a0\u00bb da_dark_close=\u00a0\u00bboff\u00a0\u00bb da_not_modal=\u00a0\u00bbon\u00a0\u00bb da_is_singular=\u00a0\u00bboff\u00a0\u00bb da_with_loader=\u00a0\u00bboff\u00a0\u00bb da_has_shadow=\u00a0\u00bbon\u00a0\u00bb da_disable_devices=\u00a0\u00bboff|off|off\u00a0\u00bb][et_pb_row _builder_version=\u00a0\u00bb4.19.4&Prime; _module_preset=\u00a0\u00bbdefault\u00a0\u00bb theme_builder_area=\u00a0\u00bbpost_content\u00a0\u00bb][et_pb_column _builder_version=\u00a0\u00bb4.19.4&Prime; _module_preset=\u00a0\u00bbdefault\u00a0\u00bb type=\u00a0\u00bb4_4&Prime; theme_builder_area=\u00a0\u00bbpost_content\u00a0\u00bb][et_pb_text _builder_version=\u00a0\u00bb4.19.4&Prime; _module_preset=\u00a0\u00bbdefault\u00a0\u00bb theme_builder_area=\u00a0\u00bbpost_content\u00a0\u00bb hover_enabled=\u00a0\u00bb0&Prime; sticky_enabled=\u00a0\u00bb0&Prime; text_font_size=\u00a0\u00bb25px\u00a0\u00bb text_letter_spacing=\u00a0\u00bb1px\u00a0\u00bb text_line_height=\u00a0\u00bb1.3em\u00a0\u00bb]<\/p>\n<p>Le Centre Musical de Calvi U Timpanu organise une veill\u00e9e autour de la galette des rois le<strong>\u00a0samedi 14 janvier au Centre Social Cardellu (Calvi)\u00a0\u00e0 partir de 20h30.<\/strong><br \/>A cette occasion, les \u00e9l\u00e8ves de l&rsquo;\u00e9cole se produiront en pr\u00e9sence de leurs professeurs.<br \/>Venez nombreux !<\/p>\n<p>[\/et_pb_text][\/et_pb_column][\/et_pb_row][\/et_pb_section]<\/p>\n","protected":false},"excerpt":{"rendered":"<p>Le Centre Musical de Calvi U Timpanu organise une veill\u00e9e autour de la galette des rois le\u00a0samedi 14 janvier au Centre Social Cardellu (Calvi)\u00a0\u00e0 partir de 20h30.A cette occasion, les \u00e9l\u00e8ves de l&rsquo;\u00e9cole se produiront en pr\u00e9sence de leurs professeurs.Venez nombreux !<\/p>\n","protected":false},"author":36,"featured_media":3066,"comment_status":"open","ping_status":"open","sticky":false,"template":"","format":"standard","meta":{"_et_pb_use_builder":"on","_et_pb_old_content":"","_et_gb_content_width":"","footnotes":""},"categories":[40,42],"tags":[38,271],"class_list":["post-3065","post","type-post","status-publish","format-standard","has-post-thumbnail","hentry","category-concert","category-evenement","tag-concert","tag-galette-des-rois"],"_links":{"self":[{"href":"https:\/\/timpanu.fr\/index.php?rest_route=\/wp\/v2\/posts\/3065","targetHints":{"allow":["GET"]}}],"collection":[{"href":"https:\/\/timpanu.fr\/index.php?rest_route=\/wp\/v2\/posts"}],"about":[{"href":"https:\/\/timpanu.fr\/index.php?rest_route=\/wp\/v2\/types\/post"}],"author":[{"embeddable":true,"href":"https:\/\/timpanu.fr\/index.php?rest_route=\/wp\/v2\/users\/36"}],"replies":[{"embeddable":true,"href":"https:\/\/timpanu.fr\/index.php?rest_route=%2Fwp%2Fv2%2Fcomments&post=3065"}],"version-history":[{"count":2,"href":"https:\/\/timpanu.fr\/index.php?rest_route=\/wp\/v2\/posts\/3065\/revisions"}],"predecessor-version":[{"id":3068,"href":"https:\/\/timpanu.fr\/index.php?rest_route=\/wp\/v2\/posts\/3065\/revisions\/3068"}],"wp:featuredmedia":[{"embeddable":true,"href":"https:\/\/timpanu.fr\/index.php?rest_route=\/wp\/v2\/media\/3066"}],"wp:attachment":[{"href":"https:\/\/timpanu.fr\/index.php?rest_route=%2Fwp%2Fv2%2Fmedia&parent=3065"}],"wp:term":[{"taxonomy":"category","embeddable":true,"href":"https:\/\/timpanu.fr\/index.php?rest_route=%2Fwp%2Fv2%2Fcategories&post=3065"},{"taxonomy":"post_tag","embeddable":true,"href":"https:\/\/timpanu.fr\/index.php?rest_route=%2Fwp%2Fv2%2Ftags&post=3065"}],"curies":[{"name":"wp","href":"https:\/\/api.w.org\/{rel}","templated":true}]}}