{"id":1254,"date":"2020-01-12T13:38:58","date_gmt":"2020-01-12T12:38:58","guid":{"rendered":"https:\/\/timpanu.fr\/?p=1254"},"modified":"2020-01-14T12:32:36","modified_gmt":"2020-01-14T11:32:36","slug":"programme-2020","status":"publish","type":"post","link":"https:\/\/timpanu.fr\/?p=1254","title":{"rendered":"Programme 2020"},"content":{"rendered":"<p>[et_pb_section fb_built=\u00a0\u00bb1&Prime; _builder_version=\u00a0\u00bb4.1&Prime;][et_pb_row _builder_version=\u00a0\u00bb4.1&Prime;][et_pb_column type=\u00a0\u00bb4_4&Prime; _builder_version=\u00a0\u00bb4.1&Prime;][et_pb_text _builder_version=\u00a0\u00bb4.1&Prime;]<\/p>\n<h2><strong>Retrouvez toute nos activit\u00e9s pour l&rsquo;ann\u00e9e 2020<\/strong><\/p>\n<\/h2>\n<p><strong>NOUVEAUTE TOUT AU LONG DE L&rsquo;ANNEE<\/strong><\/p>\n<p>D\u00e9veloppement d&rsquo;une classe d&rsquo;une classe de musique \u00e0 horaires am\u00e9nag\u00e9 au coll\u00e8ge de CALVI<\/p>\n<p>[\/et_pb_text][et_pb_text _builder_version=\u00a0\u00bb4.1&Prime;]<\/p>\n<p>T\u00e9l\u00e9chargez le document<\/p>\n<div class='w3eden'><!-- WPDM Link Template: Default Template -->\n\n<div class=\"link-template-default card mb-2\">\n    <div class=\"card-body\">\n        <div class=\"media\">\n            <div class=\"mr-3 img-48\"><img decoding=\"async\" class=\"wpdm_icon\" alt=\"Ic\u00f4ne\"   src=\"https:\/\/timpanu.fr\/wp-content\/plugins\/download-manager\/assets\/file-type-icons\/pdf.svg\" \/><\/div>\n            <div class=\"media-body\">\n                <h3 class=\"package-title\"><a href='https:\/\/timpanu.fr\/?wpdmpro=programmation-2020'>Programmation 2020<\/a><\/h3>\n                <div class=\"text-muted text-small\"><i class=\"fas fa-copy\"><\/i> 1 fichier\u00b7s <i class=\"fas fa-hdd ml-3\"><\/i> 376.77 KB<\/div>\n            <\/div>\n            <div class=\"ml-3\">\n                <a class='wpdm-download-link download-on-click btn btn-primary ' rel='nofollow' href='#' data-downloadurl=\"https:\/\/timpanu.fr\/?wpdmpro=programmation-2020&wpdmdl=1263&refresh=69f37bd988bce1777564633\">T\u00e9l\u00e9charger<\/a>\n            <\/div>\n        <\/div>\n    <\/div>\n<\/div>\n\n<\/div>\n<p>[\/et_pb_text][\/et_pb_column][\/et_pb_row][et_pb_row _builder_version=\u00a0\u00bb4.1&Prime;][et_pb_column type=\u00a0\u00bb4_4&Prime; _builder_version=\u00a0\u00bb4.1&Prime;][et_pb_accordion _builder_version=\u00a0\u00bb4.1&Prime; custom_margin=\u00a0\u00bb||104px|||\u00a0\u00bb hover_enabled=\u00a0\u00bb0&Prime;][et_pb_accordion_item title=\u00a0\u00bbJANVIER\u00a0\u00bb open=\u00a0\u00bbon\u00a0\u00bb _builder_version=\u00a0\u00bb4.1&Prime;]<\/p>\n<ul>\n<li><strong>19\/01<\/strong> &#8211; <span style=\"color: #ff6600;\">R\u00e9p\u00e9tition<\/span> de l&rsquo;orchestre Sinfunia Balanina &#8211; AUDITORIUM PIGNA<\/li>\n<li><strong>25\/01<\/strong> &#8211; <span style=\"color: #3366ff;\">Veill\u00e9e Concert<\/span> de la galette de rois &#8211; CENTRE CARDELLU<\/li>\n<\/ul>\n<p>[\/et_pb_accordion_item][et_pb_accordion_item title=\u00a0\u00bbFEVRIER\u00a0\u00bb _builder_version=\u00a0\u00bb4.1&Prime; hover_enabled=\u00a0\u00bb0&Prime; open=\u00a0\u00bboff\u00a0\u00bb]<\/p>\n<ul>\n<li><strong>8\/02<\/strong>\u00a0&#8211; <span style=\"color: #ff6600;\">R\u00e9p\u00e9tition<\/span> de l&rsquo;orchestre, Sinfunia Balanina &#8211;\u00a0<\/li>\n<li><strong>9\/02<\/strong>\u00a0&#8211; <span style=\"color: #ff6600;\">R\u00e9p\u00e9tition<\/span> de l&rsquo;orchestre, Sinfunia Balanina &#8211;\u00a0<\/li>\n<li><strong>Vacances<\/strong> &#8211; <span style=\"color: #339966;\">Stage<\/span> de d\u00e9couverte des instruments, Contrats \u00e9ducatifs locaux<\/li>\n<\/ul>\n<p>[\/et_pb_accordion_item][et_pb_accordion_item title=\u00a0\u00bbMARS\u00a0\u00bb _builder_version=\u00a0\u00bb4.1&Prime; hover_enabled=\u00a0\u00bb0&Prime; open=\u00a0\u00bboff\u00a0\u00bb]<\/p>\n<ul>\n<li><strong>15\/03<\/strong>\u00a0&#8211; <span style=\"color: #ff6600;\">R\u00e9p\u00e9tition<\/span> de l&rsquo;orchestre Sinfunia Balanina &#8211; AUDITORIUM PIGNA<\/li>\n<li><strong>28\/03<\/strong>\u00a0&#8211; <span style=\"color: #0000ff;\">Concer<\/span>t de l&rsquo;orchestre Sinfunia Balanina &#8211; C\u00e9l\u00e9bration des 25ans de l&rsquo;association<\/li>\n<\/ul>\n<p>[\/et_pb_accordion_item][et_pb_accordion_item title=\u00a0\u00bbAVRIL\u00a0\u00bb _builder_version=\u00a0\u00bb4.1&Prime; hover_enabled=\u00a0\u00bb0&Prime; open=\u00a0\u00bboff\u00a0\u00bb]<\/p>\n<ul>\n<li><strong>Toute la semaine<\/strong> &#8211; Intervention \u00e9coles primaire, coll\u00e8ge, lyc\u00e9e<\/li>\n<li><strong>03\/04<\/strong>&#8211; <span style=\"color: #0000ff;\">Soir\u00e9e Rock<\/span> anim\u00e9e par les Bernardo<\/li>\n<li><strong>03\/04<\/strong> &#8211; <span style=\"color: #0000ff;\">Master Class<\/span> de batterie avec Mourad Benhamou<\/li>\n<li><strong>03\/04<\/strong> &#8211; <span style=\"color: #0000ff;\">Master Class<\/span> de saxophone et clarinette avec Andr\u00e9 Villeger<\/li>\n<li><strong>04\/04<\/strong> &#8211; <span style=\"color: #0000ff;\">Master Class<\/span> de batterie avec Mourad Benhamou<\/li>\n<li><strong>04\/04<\/strong> &#8211; <span style=\"color: #0000ff;\">Master Class<\/span> de saxophone et clarinette avec Andr\u00e9 Villeger<\/li>\n<li><strong>04\/04<\/strong> &#8211; <span style=\"color: #0000ff;\">Concert<\/span> Rencontre autour du Jazz (Andr\u00e9 Villeger, Mourad Benhamou, Jean Christophe Vilain, Andr\u00e9 Tomasso, Pierre Rebouleau, Jean-Marie Gianelli)<\/li>\n<li><strong>12\/04<\/strong> &#8211; Anniversaire des 25ans de l&rsquo;\u00e9cole Anima<\/li>\n<li><strong>13\/04<\/strong> &#8211; Anniversaire des 25ans de l&rsquo;\u00e9cole Anima<\/li>\n<li><strong>14\/04<\/strong> &#8211; Anniversaire des 25ans de l&rsquo;\u00e9cole Anima<\/li>\n<li><strong>14\/04<\/strong>\u00a0&#8211; <span style=\"color: #ff6600;\">R\u00e9p\u00e9tition<\/span> de l&rsquo;orchestre Sinfunia Balanina &#8211; AUDITORIUM PIGNA<\/li>\n<li><strong>Vacances<\/strong> &#8211; <span style=\"color: #008000;\">Stage<\/span> de d\u00e9couverte des instruments, Contrats \u00e9ducatifs locaux<\/li>\n<\/ul>\n<p>[\/et_pb_accordion_item][et_pb_accordion_item title=\u00a0\u00bbMAI\u00a0\u00bb _builder_version=\u00a0\u00bb4.1&Prime; hover_enabled=\u00a0\u00bb0&Prime; open=\u00a0\u00bboff\u00a0\u00bb]<\/p>\n<ul>\n<li><strong>12\/05<\/strong>\u00a0 <span style=\"color: #ff6600;\">R\u00e9p\u00e9tition<\/span> Chorale des coll\u00e8ges de Calvi et Ile Rousse &#8211; CENTRE CARDELLU<\/li>\n<li><strong>17\/05<\/strong>\u00a0&#8211; <span style=\"color: #ff6600;\">R\u00e9p\u00e9tition<\/span> de l&rsquo;orchestre, Sinfunia Balanina &#8211;\u00a0<\/li>\n<\/ul>\n<p>[\/et_pb_accordion_item][et_pb_accordion_item title=\u00a0\u00bbJUIN\u00a0\u00bb _builder_version=\u00a0\u00bb4.1&Prime; hover_enabled=\u00a0\u00bb0&Prime; open=\u00a0\u00bboff\u00a0\u00bb]<\/p>\n<ul>\n<li><strong>02\/06<\/strong>\u00a0\u00a0<span style=\"color: #ff6600;\">R\u00e9p\u00e9tition<\/span> Chorale des coll\u00e8ges de Calvi et Ile Rousse &#8211; L&rsquo;ARIA &#8211; OLMI CAPPELLA<\/li>\n<li><strong>05\/06 &#8211;\u00a0<\/strong><span style=\"color: #0000ff;\">Concert<\/span>\u00a0Chorale des coll\u00e8ges de Calvi et Ile Rousse &#8211; L&rsquo;ARIA &#8211; OLMI CAPPELLA<\/li>\n<li><strong>xx\/06<\/strong> &#8211;<span style=\"color: #0000ff;\"> Concert<\/span> Sinfunia Balanina &#8211; AUDITORIUM PIGNA<\/li>\n<li><strong>xx\/06<\/strong> &#8211;<span> Concert<\/span> des chorales, festival Terra di Canti<\/li>\n<li><strong>21\/06 &#8211; <\/strong>Animation f\u00eate de la musique<\/li>\n<\/ul>\n<p>[\/et_pb_accordion_item][\/et_pb_accordion][\/et_pb_column][\/et_pb_row][\/et_pb_section]<\/p>\n","protected":false},"excerpt":{"rendered":"<p>Retrouvez toute nos activit\u00e9s pour l&rsquo;ann\u00e9e 2020 NOUVEAUTE TOUT AU LONG DE L&rsquo;ANNEE D\u00e9veloppement d&rsquo;une classe d&rsquo;une classe de musique \u00e0 horaires am\u00e9nag\u00e9 au coll\u00e8ge de CALVIT\u00e9l\u00e9chargez le document <div class='w3eden'><!-- WPDM Link Template: Default Template -->\n\n<div class=\"link-template-default card mb-2\">\n    <div class=\"card-body\">\n        <div class=\"media\">\n            <div class=\"mr-3 img-48\"><img decoding=\"async\" class=\"wpdm_icon\" alt=\"Ic\u00f4ne\"   src=\"https:\/\/timpanu.fr\/wp-content\/plugins\/download-manager\/assets\/file-type-icons\/pdf.svg\" \/><\/div>\n            <div class=\"media-body\">\n                <h3 class=\"package-title\"><a href='https:\/\/timpanu.fr\/?wpdmpro=programmation-2020'>Programmation 2020<\/a><\/h3>\n                <div class=\"text-muted text-small\"><i class=\"fas fa-copy\"><\/i> 1 fichier\u00b7s <i class=\"fas fa-hdd ml-3\"><\/i> 376.77 KB<\/div>\n            <\/div>\n            <div class=\"ml-3\">\n                <a class='wpdm-download-link download-on-click btn btn-primary ' rel='nofollow' href='#' data-downloadurl=\"https:\/\/timpanu.fr\/?wpdmpro=programmation-2020&wpdmdl=1263&refresh=69f37bd9c3d2a1777564633\">T\u00e9l\u00e9charger<\/a>\n            <\/div>\n        <\/div>\n    <\/div>\n<\/div>\n\n<\/div> 19\/01 &#8211; R\u00e9p\u00e9tition de l&rsquo;orchestre Sinfunia Balanina &#8211; AUDITORIUM PIGNA 25\/01 &#8211; Veill\u00e9e Concert de la galette de rois &#8211; CENTRE CARDELLU 8\/02\u00a0&#8211; R\u00e9p\u00e9tition [&hellip;]<\/p>\n","protected":false},"author":36,"featured_media":1269,"comment_status":"open","ping_status":"open","sticky":false,"template":"","format":"standard","meta":{"_et_pb_use_builder":"on","_et_pb_old_content":"<!-- wp:divi\/placeholder \/-->","_et_gb_content_width":"","footnotes":""},"categories":[40,42,41],"tags":[155,54,167,38,148,121,175,174],"class_list":["post-1254","post","type-post","status-publish","format-standard","has-post-thumbnail","hentry","category-concert","category-evenement","category-information","tag-cham","tag-choeur","tag-choral","tag-concert","tag-ensemble","tag-live","tag-programmation","tag-programme"],"_links":{"self":[{"href":"https:\/\/timpanu.fr\/index.php?rest_route=\/wp\/v2\/posts\/1254","targetHints":{"allow":["GET"]}}],"collection":[{"href":"https:\/\/timpanu.fr\/index.php?rest_route=\/wp\/v2\/posts"}],"about":[{"href":"https:\/\/timpanu.fr\/index.php?rest_route=\/wp\/v2\/types\/post"}],"author":[{"embeddable":true,"href":"https:\/\/timpanu.fr\/index.php?rest_route=\/wp\/v2\/users\/36"}],"replies":[{"embeddable":true,"href":"https:\/\/timpanu.fr\/index.php?rest_route=%2Fwp%2Fv2%2Fcomments&post=1254"}],"version-history":[{"count":5,"href":"https:\/\/timpanu.fr\/index.php?rest_route=\/wp\/v2\/posts\/1254\/revisions"}],"predecessor-version":[{"id":1272,"href":"https:\/\/timpanu.fr\/index.php?rest_route=\/wp\/v2\/posts\/1254\/revisions\/1272"}],"wp:featuredmedia":[{"embeddable":true,"href":"https:\/\/timpanu.fr\/index.php?rest_route=\/wp\/v2\/media\/1269"}],"wp:attachment":[{"href":"https:\/\/timpanu.fr\/index.php?rest_route=%2Fwp%2Fv2%2Fmedia&parent=1254"}],"wp:term":[{"taxonomy":"category","embeddable":true,"href":"https:\/\/timpanu.fr\/index.php?rest_route=%2Fwp%2Fv2%2Fcategories&post=1254"},{"taxonomy":"post_tag","embeddable":true,"href":"https:\/\/timpanu.fr\/index.php?rest_route=%2Fwp%2Fv2%2Ftags&post=1254"}],"curies":[{"name":"wp","href":"https:\/\/api.w.org\/{rel}","templated":true}]}}